{"id":3844,"date":"2025-10-10T15:54:41","date_gmt":"2025-10-10T13:54:41","guid":{"rendered":"https:\/\/www.thesixtyone.com\/?p=3844"},"modified":"2025-10-10T15:54:41","modified_gmt":"2025-10-10T13:54:41","slug":"lyle-si-erik-menendez","status":"publish","type":"post","link":"https:\/\/www.thesixtyone.com\/ro\/lyle-si-erik-menendez\/","title":{"rendered":"Cazul \u0219ocant al lui Lyle \u0219i Erik Menendez: o scufundare ad\u00e2nc\u0103 \u00een procesul infamilor fra\u021bi"},"content":{"rendered":"<p>Cazul <b>Lyle \u0219i Erik Menendez<\/b> r\u0103m\u00e2ne unul dintre cele mai \u0219ocante procese penale din istoria recent\u0103. Povestea lor a captivat publicul \u0219i a fost intens mediatizat\u0103 datorit\u0103 circumstan\u021belor dramatice din jurul uciderii p\u0103rin\u021bilor lor, Jose \u0219i Mary Menendez. Acest eveniment profund tulbur\u0103tor a provocat dezbateri ample cu privire la motive, influen\u021ba educa\u021biei \u0219i natura justi\u021biei \u00een sine.<\/p>\n<p>Pe parcursul procesului, at\u00e2t acuzarea, c\u00e2t \u0219i ap\u0103rarea au prezentat argumente conving\u0103toare, dezv\u0103luind straturi complexe de dinamic\u0103 familial\u0103, acuza\u021bii de abuz \u0219i \u00eentreb\u0103ri privind s\u0103n\u0103tatea mintal\u0103. C\u0103l\u0103toria fra\u021bilor prin procesul juridic a condus \u00een cele din urm\u0103 la un verdict care continu\u0103 s\u0103 rezoneze \u00een domeniul justi\u021biei penale. Explorarea acestui caz ofer\u0103 o perspectiv\u0103 asupra factorilor complica\u021bi care modeleaz\u0103 astfel de proceduri penale notorii.<\/p>\n<div class=\"summary\">\n<p><span style:\"font-size:1.2em\"><b>Principalele concluzii<\/b><\/span><\/p>\n<ul>\n<li>Fra\u021bii Menendez, Lyle \u0219i Erik, \u0219i-au ucis p\u0103rin\u021bii \u00een 1989 din cauza unor presupuse abuzuri pe termen lung.<\/li>\n<li>Printre probele-cheie se num\u0103r\u0103 analiza criminalistic\u0103 a s\u00e2ngelui, motivele financiare \u0219i imaginile de supraveghere care \u00eei leag\u0103 pe fra\u021bi de locul crimei.<\/li>\n<li>Ap\u0103rarea a sus\u021binut c\u0103 abuzul emo\u021bional \u0219i fizic din copil\u0103rie a afectat s\u0103n\u0103tatea mintal\u0103 a fra\u021bilor \u0219i luarea deciziilor.<\/li>\n<li>Acuzarea a sus\u021binut c\u0103 profitul financiar \u0219i conflictele familiale au motivat crimele, ceea ce a dus la condamnarea lor.<\/li>\n<li>Ambii fra\u021bi sunt condamna\u021bi la \u00eenchisoare pe via\u021b\u0103 f\u0103r\u0103 eliberare condi\u021bionat\u0103, cazul ridic\u00e2nd semne de \u00eentrebare cu privire la influen\u021ba educa\u021biei asupra criminalit\u0103\u021bii.<\/li>\n<\/ul>\n<\/div>\n<h2>Contextul copil\u0103riei fra\u021bilor Menendez<\/h2>\n<p>The <b>copil\u0103ria lui Lyle \u0219i Erik Menendez<\/b> a fost marcat\u0103 de un mediu pe care mul\u021bi l-au descris ca fiind tulbure \u0219i complex. Ambii fra\u021bi au crescut \u00eentr-o familie bogat\u0103, care le-a asigurat confortul material, dar rapoartele indic\u0103 faptul c\u0103 au avut o via\u021b\u0103 de familie turbulent\u0103. Tat\u0103l lor, Jose Menendez, era un important director \u00een domeniul divertismentului, cunoscut pentru stilul s\u0103u disciplinar autoritar, despre care se crede c\u0103 a contribuit la o atmosfer\u0103 emo\u021bional\u0103 tensionat\u0103 acas\u0103.<\/p>\n<p>De-a lungul primilor ani de via\u021b\u0103, fra\u021bii ar fi suferit diverse forme de <i>abuz psihologic \u0219i fizic<\/i>. Aceste experien\u021be, combinate cu controlul strict \u0219i a\u0219tept\u0103rile ridicate ale p\u0103rin\u021bilor lor, au creat un mediu tensionat care p\u0103rea s\u0103 \u00eencurajeze resentimentele subiacente. S-a sugerat c\u0103 aceste greut\u0103\u021bi din copil\u0103rie au jucat un rol semnificativ \u00een modelarea ac\u021biunilor \u0219i percep\u021biilor lor ulterioare asupra justi\u021biei.<\/p>\n<p>\u00cen plus fa\u021b\u0103 de dificult\u0103\u021bile familiale, at\u00e2t Lyle, c\u00e2t \u0219i Erik s-au confruntat cu provoc\u0103ri \u00een rela\u021biile sociale \u0219i \u00een dezvoltarea lor \u00een timpul adolescen\u021bei. \u00cen ciuda educa\u021biei lor bogate, exist\u0103 relat\u0103ri care indic\u0103 sentimente de alienare \u0219i suferin\u021b\u0103 emo\u021bional\u0103. Combina\u021bia acestor factori a contribuit la un context psihologic complex care le-a modelat personalitatea \u0219i le-a influen\u021bat evenimentele ulterioare din via\u021b\u0103.<\/p>\n<blockquote class=\"link\">\n<p><strong>A se vedea \u0219i: <a href=\"https:\/\/www.thesixtyone.com\/ro\/imogen-faith-reid-2\/\">Explorarea vie\u021bii \u0219i operei lui Imogen Faith Reid: O stea \u00een ascensiune \u00een arta contemporan\u0103<\/a><\/strong><\/p>\n<\/blockquote>\n<h2>Crimele lui Jose \u0219i Mary Menendez<\/h2>\n<figure style=\"width: 300px\" class=\"wp-caption alignright\"><img loading=\"lazy\" decoding=\"async\" src=\"https:\/\/www.thesixtyone.com\/wp-content\/uploads\/2025\/08\/3image11-21.jpg\" alt=\"Cazul \u0219ocant al lui Lyle \u0219i Erik Menendez: o scufundare ad\u00e2nc\u0103 \u00een procesul infamilor fra\u021bi\" width=\"300\" height=\"300\" \/><figcaption class=\"wp-caption-text\">Cazul \u0219ocant al lui Lyle \u0219i Erik Menendez: o scufundare ad\u00e2nc\u0103 \u00een procesul infamilor fra\u021bi<\/figcaption><\/figure>\n<p>Pe 20 august 1989, <b>Jose \u0219i Mary Menendez<\/b> au fost uci\u0219i \u00een mod tragic \u00een casa lor din Beverly Hills. Crima a \u0219ocat comunitatea local\u0103 \u0219i a \u021binut prima pagin\u0103 a ziarelor la nivel na\u021bional datorit\u0103 brutalit\u0103\u021bii faptei \u0219i importan\u021bei familiei implicate. Fra\u021bii, Lyle \u0219i Erik, au m\u0103rturisit ulterior c\u0103 au comis crimele, despre care au sus\u021binut c\u0103 au rezultat \u00een urma anilor de <i>abuz emo\u021bional \u0219i fizic<\/i> au suferit din cauza tat\u0103lui lor.<\/p>\n<p>Crimele au avut loc \u00eentr-un mediu \u00een care bog\u0103\u021bia \u0219i statutul social p\u0103reau s\u0103 ofere privilegii, dar \u00een spatele lor se afla o atmosfer\u0103 turbulent\u0103, plin\u0103 de resentimente \u0219i furie. Jose Menendez era un executiv de divertisment cu o putere mare, cu metode disciplinare stricte, comportamente care ar fi contribuit la tensiunile din familie. Arma crimei, o pu\u0219c\u0103 de v\u00e2n\u0103toare, a fost descoperit\u0103 la locul faptei, iar scenele tulbur\u0103toare indicau c\u0103 a avut loc o lupt\u0103 violent\u0103.<\/p>\n<p>Acest eveniment a marcat \u00eenceputul unui proces juridic intens. Probele colectate de anchetatori, inclusiv m\u0103rturii \u0219i date medico-legale, au conturat o imagine detaliat\u0103 a circumstan\u021belor care au condus la crime. Cazul a atras aten\u021bia mass-mediei, deoarece au ap\u0103rut \u00eentreb\u0103ri cu privire la motivele care au stat la baza unui act at\u00e2t de drastic. \u00cen cele din urm\u0103, crimele au servit drept catalizator pentru procesul fra\u021bilor, dezv\u0103luind o re\u021bea complex\u0103 de dinamici familiale \u0219i conflicte nerezolvate.<\/p>\n<h2>Principalele probe prezentate \u00een timpul procesului<\/h2>\n<ul>\n<li>Unul dintre <b>cele mai importante elemente de prob\u0103<\/b> a fost analiza medico-legal\u0103 a locului crimei, care a eviden\u021biat numeroase pete de s\u00e2nge care indic\u0103 o lupt\u0103 violent\u0103. Pu\u0219ca de v\u00e2n\u0103toare folosit\u0103 \u00een crime a fost recuperat\u0103 \u0219i comparat\u0103 prin teste balistice cu cartu\u0219ele g\u0103site la locul faptei, stabilind o leg\u0103tur\u0103 clar\u0103 cu arma.<\/li>\n<li>\u00cen plus, documentele financiare au jucat un rol important, anchetatorii descoperind poli\u021be de asigurare de via\u021b\u0103 substan\u021biale \u00eencheiate de fra\u021bi cu pu\u021bin timp \u00eenainte de crime. Aceste documente au fost prezentate ca parte a argumentului acuz\u0103rii care sugera o <i>posibil motiv financiar<\/i>.\n<li>Testele efectuate pe mostre de fibre \u0219i de p\u0103r au f\u0103cut leg\u0103tura \u00eentre fra\u021bi \u0219i casa p\u0103rin\u021bilor lor, iar alte \u00eenregistr\u0103ri ale camerelor de supraveghere l-au ar\u0103tat pe Erik Menendez \u00een apropierea locuin\u021bei familiei sale \u00een jurul orei crimelor. M\u0103rturiile martorilor au descris, de asemenea, conflicte \u0219i tensiuni reprimate \u00een cadrul familiei, care au sus\u021binut afirma\u021biile privind abuzurile de lung\u0103 durat\u0103.<\/li>\n<li>\u00cenregistr\u0103rile telefonice au demonstrat, de asemenea, c\u0103 fra\u021bii \u0219i avoca\u021bii lor au comunicat \u00een zilele premerg\u0103toare crimelor, ceea ce sugereaz\u0103 premeditarea.\n<li>\u00cen ansamblu, aceste dovezi au conturat o imagine cuprinz\u0103toare a planific\u0103rii \u0219i inten\u021biei, consolid\u00e2nd cazul procurorilor \u00eempotriva lui Lyle \u0219i Erik Menendez.<\/li>\n<\/ul>\n<p><\/p>\n<blockquote class=\"zitat\">\n<p>Adev\u0103rul este rareori pur \u0219i niciodat\u0103 simplu. - Oscar Wilde<\/p>\n<\/blockquote>\n<h2>Strategii de ap\u0103rare \u0219i reclama\u021bii de abuz<\/h2>\n<p>\u00cen timpul procesului, echipele de ap\u0103rare ale lui Lyle \u0219i Erik Menendez au prezentat o serie de <b>reclama\u021bii axate pe ani de abuz emo\u021bional \u0219i fizic<\/b> provocate de tat\u0103l lor, Jose Menendez. Ei au sus\u021binut c\u0103 acest mediu abuziv a afectat \u00een mod semnificativ starea psihic\u0103 a fra\u021bilor, afect\u00e2ndu-le capacitatea de a lua decizii ra\u021bionale \u00een momentul crimelor. Avoca\u021bii au subliniat c\u0103 nivelurile ridicate de stres, combinate cu trauma suferit\u0103 \u00een copil\u0103rie, au contribuit la comportamente impulsive, mai degrab\u0103 dec\u00e2t la inten\u021bii premeditate.<\/p>\n<p>Pentru a sus\u021bine aceste afirma\u021bii, ap\u0103rarea a chemat martori care au furnizat m\u0103rturii despre presupusele abuzuri \u0219i neglij\u0103ri din cadrul familiei. Aceste relat\u0103ri au descris episoade frecvente de violen\u021b\u0103, manipulare emo\u021bional\u0103 \u0219i pedepse care dep\u0103\u0219eau m\u0103surile disciplinare. Scopul a fost de a stabili c\u0103 fra\u021bii se aflau \u00eentr-o stare de suferin\u021b\u0103 psihologic\u0103 extrem\u0103, care le diminua capacitatea de a-\u0219i controla ac\u021biunile sau de a prevedea toate consecin\u021bele unor astfel de acte violente.<\/p>\n<p>\u00cen plus, au fost adu\u0219i exper\u021bi \u00een s\u0103n\u0103tate mintal\u0103 pentru a depune m\u0103rturie cu privire la bun\u0103starea psihologic\u0103 a fra\u021bilor. Unii speciali\u0219ti i-au diagnosticat cu afec\u021biuni care le-ar putea influen\u021ba comportamentul, \u00eencerc\u00e2nd s\u0103 introduc\u0103 un argument \u00een favoarea <i>nebunie temporar\u0103<\/i> sau responsabilitate diminuat\u0103. Aceast\u0103 abordare a \u00eencercat s\u0103 conteste portretizarea cazului de c\u0103tre acuzare ca fiind o crim\u0103 cu s\u00e2nge rece, prezent\u00e2nd-o \u00een schimb ca pe o tragedie care \u00ee\u0219i are r\u0103d\u0103cinile \u00eentr-o educa\u021bie profund tulbure, care le-a modelat reac\u021biile la conflictele din familie.<\/p>\n<blockquote class=\"link\">\n<p><strong>Resurse suplimentare: <a href=\"https:\/\/www.thesixtyone.com\/ro\/jocuri-deblocate-6x\/\">Explorarea jocurilor deblocate 6x: Resursa suprem\u0103 pentru entuzia\u0219tii jocurilor online<\/a><\/strong><\/p>\n<\/blockquote>\n<style type=\"text\/css\">.table-responsiv {width: 100%;padding: 0px;margin-bottom: 0px;overflow-y: hidden;border: 1px solid #DDD;overflow-x: auto;min-height: 0.01%;}<\/style>\n<div class=\"table-responsiv\">\n<table border=\"1\" cellpadding=\"5\" cellspacing=\"0\">\n<tr>\n<th>Aspect<\/th>\n<th>Descriere<\/th>\n<\/tr>\n<tr>\n<td>Contextul copil\u0103riei<\/td>\n<td>Fra\u021bii au crescut \u00eentr-un mediu bogat, dar cu probleme, exist\u00e2nd rapoarte de abuz psihologic \u0219i fizic din partea tat\u0103lui lor, Jose Menendez.<\/td>\n<\/tr>\n<tr>\n<td>Crimele<\/td>\n<td>Jose \u0219i Mary Menendez au fost uci\u0219i \u00een 1989; fra\u021bii au m\u0103rturisit ulterior, invoc\u00e2nd abuzul ca motiv.<\/td>\n<\/tr>\n<tr>\n<td>Dovezi-cheie<\/td>\n<td>Analiza petelor de s\u00e2nge, \u00eenregistr\u0103rile financiare, e\u0219antioanele de fibre \u0219i p\u0103r, precum \u0219i imaginile de supraveghere au f\u0103cut leg\u0103tura \u00eentre fra\u021bi \u0219i crim\u0103.<\/td>\n<\/tr>\n<tr>\n<td>Cereri de ap\u0103rare<\/td>\n<td>Ap\u0103rarea a sus\u021binut c\u0103 anii de abuz au afectat s\u0103n\u0103tatea mintal\u0103 a fra\u021bilor, ceea ce a condus la ac\u021biuni impulsive.<\/td>\n<\/tr>\n<tr>\n<td>Rezultatul trialului<\/td>\n<td>Fra\u021bii au fost condamna\u021bi, iar cazul lor a ridicat \u00eentreb\u0103ri cu privire la influen\u021ba educa\u021biei asupra comportamentului criminal.<\/td>\n<\/tr>\n<\/table>\n<\/div>\n<h2>Cazul \u0219i motivul acuz\u0103rii<\/h2>\n<figure style=\"width: 1050px\" class=\"wp-caption alignnone\"><img decoding=\"async\" class=\"size-full\" src=\"https:\/\/www.thesixtyone.com\/wp-content\/uploads\/2025\/08\/6image11-21.jpg\" alt=\"Cazul acuz\u0103rii \u0219i motivul - Cazul \u0219ocant al lui Lyle \u0219i Erik Menendez: o scufundare ad\u00e2nc\u0103 \u00een procesul fra\u021bilor infami\" \/><figcaption class=\"wp-caption-text\">Cazul acuz\u0103rii \u0219i motivul - Cazul \u0219ocant al lui Lyle \u0219i Erik Menendez: o scufundare ad\u00e2nc\u0103 \u00een procesul fra\u021bilor infami<\/figcaption><\/figure>\n<p>Acuzarea a construit un caz conving\u0103tor subliniind <b>motive financiare<\/b> ca un motiv cheie \u00een spatele crimelor. Dovezi precum poli\u021be substan\u021biale de asigurare de via\u021b\u0103 \u00eencheiate cu pu\u021bin timp \u00eenainte de crim\u0103 au sugerat c\u0103 fra\u021bii ar fi fost motiva\u021bi de perspectiva unui c\u00e2\u0219tig financiar. Acest lucru a fost coroborat cu date medico-legale, inclusiv teste balistice, care au f\u0103cut leg\u0103tura direct\u0103 \u00eentre pu\u0219ca de v\u00e2n\u0103toare utilizat\u0103 \u00een crime \u0219i probele recuperate de la locul faptei.<\/p>\n<p>\u00cen plus, anchetatorii au descoperit \u00eenregistr\u0103ri telefonice care indicau comunica\u021bii \u00eentre Lyle \u0219i Erik \u0219i avoca\u021bii lor \u00een zilele din jurul crimelor, indic\u00e2nd <i>premeditare<\/i>. De asemenea, m\u0103rturiile martorilor au detaliat tensiunile cresc\u00e2nde din cadrul familiei, mai multe relat\u0103ri f\u0103c\u00e2nd aluzie la conflicte \u0219i nemul\u021bumiri care s-au acumulat \u00een timp. Modelele comportamentale observate la fra\u021bi prin intermediul imaginilor de supraveghere \u0219i ac\u021biunile lor dup\u0103 crime au ilustrat un nivel de planificare care a persistat dincolo de actele impulsive.<\/p>\n<p>Combina\u021bia de dovezi fizice, documente financiare \u0219i declara\u021bii ale martorilor a contribuit la stabilirea unui scenariu al inten\u021bionalit\u0103\u021bii. Procurorii au sus\u021binut \u00een mod conving\u0103tor c\u0103 aceste elemente indic\u0103 un plan deliberat, dezv\u0103luind o re\u021bea complex\u0103 de motive \u00eempletite cu dispute familiale \u0219i interese materiale. Aceasta a constituit baza principal\u0103 a acuza\u021biilor \u0219i a contribuit \u00een cele din urm\u0103 la condamnarea ambilor fra\u021bi.<\/p>\n<blockquote class=\"link\">\n<p><strong>Perspective aprofundate: <a href=\"https:\/\/www.thesixtyone.com\/ro\/breton-perdea\/\">Ghidul suprem pentru bretonul cortin\u0103: Cum s\u0103 le alegi \u0219i s\u0103 le stilizezi pentru forma fe\u021bei tale<\/a><\/strong><\/p>\n<\/blockquote>\n<h2>Dinamica s\u0103lii de judecat\u0103 \u0219i deliberarea juriului<\/h2>\n<figure style=\"width: 1050px\" class=\"wp-caption alignnone\"><img decoding=\"async\" class=\"size-full\" src=\"https:\/\/www.thesixtyone.com\/wp-content\/uploads\/2025\/08\/7image11-20.jpg\" alt=\"Dinamica s\u0103lii de judecat\u0103 \u0219i deliberarea juriului - The Shocking Case of Lyle and Erik Menendez: A Deep Dive into the Infamous Brothers&#039; Trial\" \/><figcaption class=\"wp-caption-text\">Dinamica s\u0103lii de judecat\u0103 \u0219i deliberarea juriului - The Shocking Case of Lyle and Erik Menendez: A Deep Dive into the Infamous Brothers' Trial<\/figcaption><\/figure>\n<p>Sala de judecat\u0103 \u00een timpul procesului a fost marcat\u0103 de interac\u021biuni intense \u00eentre acuzare, ap\u0103rare \u0219i juriu. Atmosfera a fost \u00eenc\u0103rcat\u0103 de anticipare \u00een timp ce fiecare parte \u00ee\u0219i prezenta cazul, cu scopul de a influen\u021ba opinia juriului prin probe conving\u0103toare \u0219i argumente conving\u0103toare.<\/p>\n<p><b>Jura\u021bii au fost \u00eens\u0103rcina\u021bi s\u0103 evalueze meticulos<\/b> colec\u021bia extins\u0103 de probe fizice, m\u0103rturii ale martorilor \u0219i opinii ale exper\u021bilor. Deliber\u0103rile lor au implicat c\u00e2nt\u0103rirea credibilit\u0103\u021bii martorilor \u00een raport cu soliditatea datelor criminalistice \u0219i a motivelor propuse. Pe parcursul acestor discu\u021bii, jura\u021bii s-au confruntat cu provocarea de a echilibra apelurile emo\u021bionale cu analiza faptelor pentru a determina vinov\u0103\u021bia sau nevinov\u0103\u021bia.<\/p>\n<p>Pe parcursul \u00eentregului proces, <i>sesiunile de deliberare au eviden\u021biat adesea puncte de vedere diferite<\/i>, care necesit\u0103 o negociere \u0219i o analiz\u0103 atent\u0103 a tuturor aspectelor cazului. Jura\u021bii au trebuit s\u0103 interpreteze instruc\u021biuni juridice nuan\u021bate din partea instan\u021bei, concentr\u00e2ndu-se \u00een acela\u0219i timp asupra elementelor de baz\u0103: inten\u021bia, premeditarea \u0219i motivul. Complexitatea dinamicii familiale \u0219i a probelor coroborate a jucat un rol esen\u021bial \u00een conturarea concluziilor lor.<\/p>\n<p>\u00cen cele din urm\u0103, juriul a ajuns la un verdict care reflecta judecata lor colectiv\u0103 bazat\u0103 pe informa\u021biile furnizate \u00een timpul procesului. Decizia lor a avut o greutate semnificativ\u0103, subliniind c\u00e2t de importante sunt evaluarea cuprinz\u0103toare \u0219i impar\u021bialitatea \u00een cadrul procedurilor judiciare.<\/p>\n<h2>Sentin\u021be \u0219i reac\u021bii publice<\/h2>\n<p>\u00cen urma condamn\u0103rii lor, <b>Lyle \u0219i Erik Menendez<\/b> s-au confruntat cu condamn\u0103ri riguroase care au atras aten\u021bia publicului larg. Ambii fra\u021bi au fost condamna\u021bi la \u00eenchisoare pe via\u021b\u0103 f\u0103r\u0103 posibilitatea eliber\u0103rii condi\u021bionate, o pedeaps\u0103 care a reflectat gravitatea faptelor lor \u0219i probele prezentate \u00een timpul procesului. Sentin\u021bele au st\u00e2rnit reac\u021bii diferite din partea publicului, mul\u021bi dintre ace\u0219tia consider\u00e2nd c\u0103 s-a f\u0103cut dreptate, av\u00e2nd \u00een vedere natura brutal\u0103 a crimelor \u0219i numeroasele dovezi care sus\u021bin vinov\u0103\u021bia.<\/p>\n<p>Opinia public\u0103 a fost profund divizat\u0103; unii au considerat c\u0103 educa\u021bia fra\u021bilor \u0219i acuza\u021biile de abuz justificau clemen\u021b\u0103 sau tratament alternativ, \u00een timp ce al\u021bii au sus\u021binut c\u0103 circumstan\u021bele personale nu ar trebui s\u0103 diminueze r\u0103spunderea pentru infrac\u021biuni at\u00e2t de grave. Acoperirea mediatic\u0103 a intensificat aceste dezbateri, aliment\u00e2nd discu\u021biile cu privire la adecvarea pedepsei la standardele societale de justi\u021bie.<\/p>\n<p>Cazul a determinat, de asemenea, o reflec\u021bie asupra influen\u021bei traumelor din copil\u0103rie asupra comportamentului \u0219i a eviden\u021biat preocup\u0103rile actuale legate de s\u0103n\u0103tatea mintal\u0103 \u00een cadrul procedurilor penale. \u00cen cele din urm\u0103, verdictul \u0219i sentin\u021bele au l\u0103sat o amprent\u0103 durabil\u0103 asupra con\u0219tiin\u021bei publice, amplific\u00e2nd discu\u021biile despre violen\u021ba familial\u0103, moralitate \u0219i rolul mediului \u00een actele criminale.<\/p>\n<h2>Impactul asupra sistemelor juridice \u0219i de justi\u021bie penal\u0103<\/h2>\n<p>Cazul lui Lyle \u0219i Erik Menendez a avut un impact de durat\u0103 asupra modului \u00een care sistemul juridic abordeaz\u0103 infrac\u021biunile grave care implic\u0103 contexte familiale complexe. Procesul lor a eviden\u021biat <b>importan\u021ba examin\u0103rii am\u0103nun\u021bite a probelor<\/b> \u0219i \u00een\u021belegerea factorilor psihologici care ar putea influen\u021ba comportamentul. Aceasta a demonstrat c\u0103 instan\u021bele trebuie s\u0103 c\u00e2nt\u0103reasc\u0103 cu aten\u021bie afirma\u021biile privind abuzul emo\u021bional, al\u0103turi de date medico-legale concrete, care pot afecta \u00een mod semnificativ verdictele.<\/p>\n<p>\u00cen plus, acest caz a ar\u0103tat necesitatea ca procurorii \u0219i echipele de ap\u0103rare s\u0103 formuleze argumente care s\u0103 ia \u00een considerare at\u00e2t <i>motiv \u0219i circumstan\u021be atenuante<\/i>. Acesta a subliniat faptul c\u0103 procesele judiciare ar trebui s\u0103 recunoasc\u0103 influen\u021ba pe care traumele din copil\u0103rie ar putea-o avea asupra ac\u021biunilor, f\u0103r\u0103 a compromite justi\u021bia. Notorietatea cazului a determinat, de asemenea, revizuirea procedurilor din s\u0103lile de judecat\u0103, \u00een special \u00een ceea ce prive\u0219te prezentarea evalu\u0103rilor de s\u0103n\u0103tate mintal\u0103 \u0219i a m\u0103rturiilor exper\u021bilor, pentru a asigura corectitudinea \u0219i claritatea \u00een timpul proceselor de mare vizibilitate.<\/p>\n<p>\u00cen plus, ampla acoperire mediatic\u0103 \u0219i interesul public au subliniat necesitatea de a ob\u021bine hot\u0103r\u00e2ri judec\u0103tore\u0219ti impar\u021biale, lipsite de influen\u021be externe. \u00cen cele din urm\u0103, procesul Menendez a contribuit la evolu\u021bia standardelor \u00een cadrul procedurilor penale - subliniind evaluarea atent\u0103 a <b>istorii psihologice<\/b>, evaluarea meticuloas\u0103 a probelor fizice \u0219i rolul critic al deliber\u0103rii juriului - toate av\u00e2nd ca scop men\u021binerea integrit\u0103\u021bii \u00een cadrul sistemului juridic.<\/p>\n<h2 class=\"center\">\u00ceNTREB\u0102RI FRECVENTE: R\u0103spuns la \u00eentreb\u0103rile dumneavoastr\u0103<\/h2>\n<details>\n<summary>Au fost Lyle \u0219i Erik Menendez elibera\u021bi vreodat\u0103 din \u00eenchisoare?<\/summary>\n<div>\nNu, ambii fra\u021bi r\u0103m\u00e2n \u00eencarcera\u021bi p\u00e2n\u0103 \u00een prezent. Ace\u0219tia execut\u0103 pedepse pe via\u021b\u0103, f\u0103r\u0103 posibilitatea eliber\u0103rii condi\u021bionate, \u00een urma condamn\u0103rii lor pentru uciderea p\u0103rin\u021bilor lor.\n  <\/div>\n<\/details>\n<details>\n<summary>Cazul fra\u021bilor Menendez a condus la schimb\u0103ri \u00een procedurile judiciare?<\/summary>\n<div>\nDa, acest caz a determinat actualizarea modului \u00een care instan\u021bele judec\u0103tore\u0219ti trateaz\u0103 evalu\u0103rile psihologice \u0219i m\u0103rturiile exper\u021bilor, \u00een special \u00een cazurile de abuz familial de profil \u00eenalt, pentru a asigura o mai mare claritate \u0219i corectitudine \u00een timpul proceselor.\n  <\/div>\n<\/details>\n<details>\n<summary>Au existat teorii alternative cu privire la crime, \u00een afar\u0103 de implicarea fra\u021bilor?<\/summary>\n<div>\nUnele teorii alternative sugereaz\u0103 posibilitatea implic\u0103rii unui intrus sau a unei alte p\u0103r\u021bi, \u00eens\u0103 aceste afirma\u021bii nu au fost sus\u021binute de probele prezentate \u00een timpul procesului. Acuzarea a sus\u021binut c\u0103 fra\u021bii au fost responsabili.\n  <\/div>\n<\/details>\n<details>\n<summary>Ce impact a avut cazul fra\u021bilor Menendez asupra con\u0219tientiz\u0103rii abuzului \u00een copil\u0103rie?<\/summary>\n<div>\nCazul a sensibilizat opinia public\u0103 cu privire la efectele pe termen lung ale abuzurilor \u0219i traumelor din copil\u0103rie, eviden\u021biind modalit\u0103\u021bile complexe prin care experien\u021bele din primii ani de via\u021b\u0103 pot influen\u021ba comportamentul \u0219i motivele actelor criminale.\n  <\/div>\n<\/details>\n<details>\n<summary>Exist\u0103 filme sau documentare bazate pe cazul fra\u021bilor Menendez?<\/summary>\n<div>\nDa, au fost produse mai multe documentare \u0219i versiuni dramatizate ale cazului, care exploreaz\u0103 trecutul, procesul \u0219i problemele mai ample legate de violen\u021ba familial\u0103, cum ar fi Menendez: Blood Brothers \u0219i alte seriale cu crime reale.\n  <\/div>\n<\/details>\n<p><\/p>\n<p style=\"margin-bottom: 0px;\"><b>Referin\u021be:<\/b><\/p>\n<div class=\"trli\">\n<ul style=\"margin-top: 0px;\">\n<li><a href=\"https:\/\/www.oxygen.com\/crime-news\/when-are-the-menendez-brothers-parole-hearings\" rel=\"nofollow noopener\" target=\"_blank\">https:\/\/www.oxygen.com\/crime-news\/when-are-the-menendez-brothers-parole-hearings<\/a><\/li>\n<li><a href=\"https:\/\/en.wikipedia.org\/wiki\/Lyle_and_Erik_Menendez\" rel=\"nofollow noopener\" target=\"_blank\">https:\/\/en.wikipedia.org\/wiki\/Lyle_and_Erik_Menendez<\/a><\/li>\n<\/ul>\n<\/div>","protected":false},"excerpt":{"rendered":"<p>The case of Lyle and Erik Menendez remains one of the most shocking criminal trials in recent history. Their story captivated the public and ignited intense media coverage due to the dramatic circumstances surrounding the murders of their parents, Jose and Mary Menendez. This deeply unsettling event prompted widespread debate about motives, influence of upbringing, [&hellip;]<\/p>","protected":false},"author":2,"featured_media":3843,"comment_status":"open","ping_status":"open","sticky":false,"template":"","format":"standard","meta":{"content-type":"","footnotes":""},"categories":[134],"tags":[],"class_list":{"0":"post-3844","1":"post","2":"type-post","3":"status-publish","4":"format-standard","5":"has-post-thumbnail","7":"category-insights"},"_links":{"self":[{"href":"https:\/\/www.thesixtyone.com\/ro\/wp-json\/wp\/v2\/posts\/3844","targetHints":{"allow":["GET"]}}],"collection":[{"href":"https:\/\/www.thesixtyone.com\/ro\/wp-json\/wp\/v2\/posts"}],"about":[{"href":"https:\/\/www.thesixtyone.com\/ro\/wp-json\/wp\/v2\/types\/post"}],"author":[{"embeddable":true,"href":"https:\/\/www.thesixtyone.com\/ro\/wp-json\/wp\/v2\/users\/2"}],"replies":[{"embeddable":true,"href":"https:\/\/www.thesixtyone.com\/ro\/wp-json\/wp\/v2\/comments?post=3844"}],"version-history":[{"count":1,"href":"https:\/\/www.thesixtyone.com\/ro\/wp-json\/wp\/v2\/posts\/3844\/revisions"}],"predecessor-version":[{"id":7305,"href":"https:\/\/www.thesixtyone.com\/ro\/wp-json\/wp\/v2\/posts\/3844\/revisions\/7305"}],"wp:featuredmedia":[{"embeddable":true,"href":"https:\/\/www.thesixtyone.com\/ro\/wp-json\/wp\/v2\/media\/3843"}],"wp:attachment":[{"href":"https:\/\/www.thesixtyone.com\/ro\/wp-json\/wp\/v2\/media?parent=3844"}],"wp:term":[{"taxonomy":"category","embeddable":true,"href":"https:\/\/www.thesixtyone.com\/ro\/wp-json\/wp\/v2\/categories?post=3844"},{"taxonomy":"post_tag","embeddable":true,"href":"https:\/\/www.thesixtyone.com\/ro\/wp-json\/wp\/v2\/tags?post=3844"}],"curies":[{"name":"wp","href":"https:\/\/api.w.org\/{rel}","templated":true}]}}