{"id":3869,"date":"2025-10-22T15:54:41","date_gmt":"2025-10-22T13:54:41","guid":{"rendered":"https:\/\/www.thesixtyone.com\/?p=3869"},"modified":"2025-10-22T15:54:41","modified_gmt":"2025-10-22T13:54:41","slug":"travis-decker-2","status":"publish","type":"post","link":"https:\/\/www.thesixtyone.com\/sv\/travis-decker-2\/","title":{"rendered":"Travis Deckers framv\u00e4xt: Innovativ framtid f\u00f6r h\u00e5llbar arkitektur"},"content":{"rendered":"<p>Travis Decker har seglat upp som en <b>vision\u00e4r gestalt<\/b> Han \u00e4r k\u00e4nd f\u00f6r sitt innovativa s\u00e4tt att utforma milj\u00f6er som harmonierar med omgivningen. Hans arbete k\u00e4nnetecknas av en betoning p\u00e5 att integrera avancerad teknik och <i>banbrytande tekniker<\/i> f\u00f6r att skapa funktionella men samtidigt inspirerande utrymmen. Genom en kombination av kreativitet och praktisk expertis flyttar Decker st\u00e4ndigt fram gr\u00e4nserna f\u00f6r vad som \u00e4r m\u00f6jligt att uppn\u00e5 inom konstruktion och design.<\/p>\n<p>Med st\u00f6d av ett flertal utm\u00e4rkelser och samarbeten med branschledare \u00f6ver hela v\u00e4rlden exemplifierar hans projekt ett engagemang f\u00f6r att g\u00f6ra stadsomr\u00e5den mer <b>progressiv och anpassningsbar<\/b>. Fokus ligger fortfarande p\u00e5 att skapa strukturer som inte bara tj\u00e4nar sitt syfte utan ocks\u00e5 bidrar positivt till sina samh\u00e4llen. Det \u00e4r denna inst\u00e4llning som driver Travis Deckers inflytande n\u00e4r han p\u00e5 innovativa s\u00e4tt formar framtiden f\u00f6r arkitektonisk utveckling.<\/p>\n<div class=\"summary\">\n<p><span style:\"font-size:1.2em\"><b>Viktiga slutsatser<\/b><\/span><\/p>\n<ul>\n<li>Travis Decker \u00e4r en vision\u00e4r arkitekt som fokuserar p\u00e5 h\u00e5llbar, milj\u00f6v\u00e4nlig byggnadsdesign som minimerar den ekologiska p\u00e5verkan.<\/li>\n<li>Han integrerar avancerad teknik som BIM, IoT, f\u00f6rnybar energi och smarta fasader i sina projekt.<\/li>\n<li>Hans byggmetoder prioriterar energieffektivitet med hj\u00e4lp av passiv design, prefabricering och dynamiska fasader.<\/li>\n<li>Decker samarbetar globalt, fr\u00e4mjar innovativa projekt och delar med sig av sin expertis till branschledare.<\/li>\n<li>Han \u00e4r mentor f\u00f6r framtida arkitekter och f\u00f6respr\u00e5kar en milj\u00f6medveten stadsutveckling.<\/li>\n<\/ul>\n<\/div>\n<h2>Travis Decker banbrytande inom milj\u00f6v\u00e4nlig byggnadsdesign<\/h2>\n<p>Travis Decker ligger i framkant n\u00e4r det g\u00e4ller <b>milj\u00f6v\u00e4nlig byggnadsdesign<\/b>Han arbetar st\u00e4ndigt med att utforska innovativa s\u00e4tt att skapa strukturer som harmonierar med sin omgivning. Han anv\u00e4nder sig av material och metoder som har ett minimalt ekologiskt fotavtryck och fokuserar p\u00e5 att minska avfallet och fr\u00e4mja resursbevarande under hela byggprocessen.<\/p>\n<p>Genom att prioritera element som naturligt ljus, v\u00e4rmeisolering och ventilation ser Decker till att hans projekt inte bara \u00e4r funktionella utan ocks\u00e5 tar h\u00e4nsyn till sin omgivning. Han anv\u00e4nder sig av avancerade tekniker som passiv solenergidesign och gr\u00f6na tak, som bidrar till att skapa h\u00e4lsosammare boende- och arbetsplatser. Dessa funktioner bidrar till att \u00f6ka inv\u00e5narnas v\u00e4lbefinnande samtidigt som de minimerar energif\u00f6rbrukningen utan att g\u00f6ra avkall p\u00e5 estetiken.<\/p>\n<p>Deckers engagemang str\u00e4cker sig l\u00e4ngre \u00e4n till enskilda byggnader - han f\u00f6respr\u00e5kar genomt\u00e4nkt stadsplanering och utvecklingskoncept som integrerar naturen i stadslandskapet. Detta engagemang p\u00e5verkar m\u00e5nga yrkesverksamma inom branschen och blivande arkitekter, och inspirerar dem att anv\u00e4nda milj\u00f6medvetna metoder i sitt eget arbete. Genom dessa anstr\u00e4ngningar formar han en framtid d\u00e4r arkitekturen aktivt bidrar till ett balanserat f\u00f6rh\u00e5llande mellan m\u00e4nsklig aktivitet och den naturliga v\u00e4rlden.<\/p>\n<blockquote class=\"link\">\n<p><strong>Rekommendation: <a href=\"https:\/\/www.thesixtyone.com\/sv\/ashley-st-clair-2\/\">Ashley St Clairs framv\u00e4xt: Influencer, aktivist och entrepren\u00f6r<\/a><\/strong><\/p>\n<\/blockquote>\n<h2>Inf\u00f6rlivar avancerad teknik i arkitekturprojekt<\/h2>\n<figure style=\"width: 300px\" class=\"wp-caption alignright\"><img loading=\"lazy\" decoding=\"async\" src=\"https:\/\/www.thesixtyone.com\/wp-content\/uploads\/2025\/08\/3image11-26.jpg\" alt=\"Travis Deckers framv\u00e4xt: Innovativ framtid f\u00f6r h\u00e5llbar arkitektur\" width=\"300\" height=\"300\" \/><figcaption class=\"wp-caption-text\">Travis Deckers framv\u00e4xt: Innovativ framtid f\u00f6r h\u00e5llbar arkitektur<\/figcaption><\/figure>\n<p>Travis Decker \u00e4r k\u00e4nd f\u00f6r sin f\u00f6rm\u00e5ga att s\u00f6ml\u00f6st <b>integrera avancerad teknik<\/b> i sina arkitektoniska projekt och s\u00e4tter nya standarder inom branschen. I hans arbete anv\u00e4nds ofta innovativa l\u00f6sningar som BIM (Building Information Modeling), som m\u00f6jligg\u00f6r exakt planering och str\u00f6mlinjeformade byggprocesser. Tekniken g\u00f6r det m\u00f6jligt f\u00f6r arkitekter och entrepren\u00f6rer att samarbeta mer effektivt, vilket leder till att projekten kan slutf\u00f6ras snabbare och med h\u00f6gre noggrannhet.<\/p>\n<p>Dessutom anv\u00e4nder Decker smarta system, inklusive IoT-enheter (Internet of Things), som m\u00f6jligg\u00f6r \u00f6vervakning och styrning av byggnadens funktioner i realtid. Dessa system sp\u00e5rar aspekter som temperatur, belysning och s\u00e4kerhet, vilket underl\u00e4ttar en mer lyh\u00f6rd milj\u00f6 samtidigt som det minskar resurssl\u00f6seriet. Anv\u00e4ndningen av automation f\u00f6renklar inte bara underh\u00e5llet utan ger ocks\u00e5 anv\u00e4ndarna intuitiv kontroll \u00f6ver sina utrymmen.<\/p>\n<p>Deckers \u00e5tagande att<i>banbrytande innovation<\/i> omfattar \u00e4ven integrering av f\u00f6rnybara energil\u00f6sningar, smarta fasader och anpassningsbara klimatskal som reagerar p\u00e5 milj\u00f6f\u00f6rh\u00e5llanden. S\u00e5dan teknik optimerar prestandan utan att kompromissa med det estetiska tilltalet och skapar strukturer d\u00e4r form och funktion g\u00e5r hand i hand. Genom att utnyttja dessa framsteg forts\u00e4tter han att flytta fram arkitektoniska gr\u00e4nser och forma milj\u00f6er som passar b\u00e5de dagens livsstil och framtida utveckling.<\/p>\n<h2>Fokuserar p\u00e5 innovativa, energibesparande byggmetoder<\/h2>\n<p>Travis Decker \u00e4gnar en betydande del av sitt arbete \u00e5t att fr\u00e4mja <b>Energibesparande byggmetoder<\/b> som s\u00e4tter nya standarder inom det arkitektoniska omr\u00e5det. Hans engagemang handlar om att utforska innovativa tekniker som minimerar energif\u00f6rbrukningen under b\u00e5de byggprocessen och driftsfasen. Genom att anv\u00e4nda <i>avancerade isoleringsmaterial<\/i> och <i>smarta byggmetoder<\/i>\u00e4r hans m\u00e5l att skapa strukturer som reagerar p\u00e5 ett anm\u00e4rkningsv\u00e4rt s\u00e4tt p\u00e5 sin omgivning.<\/p>\n<p>En viktig aspekt av hans tillv\u00e4gag\u00e5ngss\u00e4tt \u00e4r integreringen av passiva designprinciper, s\u00e5som optimal orientering och naturlig skuggning, vilket minskar beroendet av artificiella klimatkontrollsystem. Dessutom inf\u00f6rlivar Decker <b>prefabricerade komponenter<\/b> och modul\u00e4ra byggmetoder som inte bara p\u00e5skyndar monteringen utan ocks\u00e5 bidrar till mindre materialspill. Denna praxis resulterar i projekt som h\u00e5ller h\u00f6g kvalitet samtidigt som resursanv\u00e4ndningen minskar.<\/p>\n<p>Hans fokus str\u00e4cker sig l\u00e4ngre \u00e4n till enskilda byggnader; Decker fr\u00e4mjar anv\u00e4ndningen av <i>innovativa byggsystem<\/i> som underl\u00e4ttar energibesparing i stadsmilj\u00f6. Han anv\u00e4nder sig ofta av <b>dynamiska fasader<\/b> och anpassningsbara strukturella element som reagerar p\u00e5 milj\u00f6f\u00f6r\u00e4ndringar och effektivt hanterar v\u00e4rme\u00f6kning och v\u00e4rmef\u00f6rlust utan att f\u00f6rbruka alltf\u00f6r stora m\u00e4ngder energi. Tillsammans bidrar dessa strategier till att skapa milj\u00f6er som b\u00e5de \u00e4r funktionella och aktivt tar h\u00e4nsyn till den \u00f6vergripande resurshanteringen.<\/p>\n<p><\/p>\n<blockquote class=\"zitat\">\n<p>Arkitektur ska tala om sin tid och plats, men samtidigt l\u00e4ngta efter tidl\u00f6shet. - I.M. Pei<\/p>\n<\/blockquote>\n<h2>Vinner priser f\u00f6r banbrytande arkitektoniska koncept<\/h2>\n<p>Travis Decker har f\u00e5tt m\u00e5nga utm\u00e4rkelser <b>prestigefyllda utm\u00e4rkelser<\/b> f\u00f6r hans innovativa arkitektoniska design som t\u00e4njer p\u00e5 gr\u00e4nserna f\u00f6r konventionellt byggande. Dessa utm\u00e4rkelser belyser hans f\u00f6rm\u00e5ga att utveckla koncept som \u00e4r b\u00e5de <i>visuellt sl\u00e5ende<\/i> och strukturellt banbrytande. Erk\u00e4nnandet fr\u00e5n branschkollegor understryker effekten av hans arbete inom den moderna arkitekturen.<\/p>\n<p>Hans projekt inneh\u00e5ller ofta en blandning av <b>estetiskt tilltalande<\/b> och <i>teknisk uppfinningsrikedom<\/i>och s\u00e4tter nya standarder f\u00f6r kreativa uttryck. M\u00e5nga av dessa prisbel\u00f6nta koncept betonar inte bara form utan ocks\u00e5 funktion, vilket visar hur arkitektonisk design kan p\u00e5verka stadsmilj\u00f6er positivt. Dessa utm\u00e4rkelser \u00e4r ett bevis p\u00e5 hans h\u00e4ngivenhet att lyfta fram arkitektoniska metoder genom innovation och hantverkskunnande.<\/p>\n<p>Dessutom \u00f6ppnar dessa utm\u00e4rkelser m\u00f6jligheter till samarbete med ledande f\u00f6retag och institutioner \u00f6ver hela v\u00e4rlden. De bidrar till att h\u00f6ja profilen f\u00f6r varje projekt och fr\u00e4mjar en milj\u00f6 d\u00e4r banbrytande id\u00e9er f\u00e5r det erk\u00e4nnande de f\u00f6rtj\u00e4nar. Travis Deckers framg\u00e5ngar inspirerar st\u00e4ndigt andra arkitekter att s\u00f6ka uppfinningsrika l\u00f6sningar som utmanar traditionella tillv\u00e4gag\u00e5ngss\u00e4tt och formar det framtida landskapet f\u00f6r b\u00e5de stadsbilder och interi\u00f6rer.<\/p>\n<blockquote class=\"link\">\n<p><strong>Relaterade \u00e4mnen: <a href=\"https:\/\/www.thesixtyone.com\/sv\/mittavsmalnande\/\">F\u00f6rst\u00e5else f\u00f6r Mid Taper Haircut: En guide f\u00f6r att uppn\u00e5 den perfekta looken<\/a><\/strong><\/p>\n<\/blockquote>\n<style type=\"text\/css\">.table-responsiv {width: 100%;padding: 0px;margin-bottom: 0px;overflow-y: hidden;border: 1px solid #DDD;overflow-x: auto;min-height: 0.01%;}<\/style>\n<div class=\"table-responsiv\">\n<table border=\"1\">\n<tr>\n<th>Aspekt<\/th>\n<th>Beskrivning<\/th>\n<\/tr>\n<tr>\n<td>Milj\u00f6v\u00e4nlig byggnadsdesign<\/td>\n<td>Integrerar h\u00e5llbara material och metoder f\u00f6r att minimera den ekologiska p\u00e5verkan, betonar naturlig belysning, v\u00e4rmeisolering och gr\u00f6na tak f\u00f6r att fr\u00e4mja h\u00e4lsosammare och energieffektiva utrymmen.<\/td>\n<\/tr>\n<tr>\n<td>Avancerad teknikintegration<\/td>\n<td>Anv\u00e4nder BIM (Building Information Modeling), IoT-system, smarta fasader och l\u00f6sningar f\u00f6r f\u00f6rnybar energi f\u00f6r att f\u00f6rb\u00e4ttra projektprecision, lyh\u00f6rdhet och milj\u00f6prestanda.<\/td>\n<\/tr>\n<tr>\n<td>Energibesparande byggmetoder<\/td>\n<td>Fokuserar p\u00e5 passiva designprinciper, prefabricering, dynamiska fasader och modul\u00e4r konstruktion f\u00f6r att minska resursanv\u00e4ndningen och \u00f6ka effektiviteten.<\/td>\n<\/tr>\n<tr>\n<td>Utm\u00e4rkelser och erk\u00e4nnanden<\/td>\n<td>F\u00e5r prestigefyllda utm\u00e4rkelser f\u00f6r innovativa och banbrytande designkoncept som fr\u00e4mjar kreativitet och h\u00f6jer industristandarden.<\/td>\n<\/tr>\n<\/table>\n<\/div>\n<h2>Samarbetar med globala branschledare i nya projekt<\/h2>\n<figure style=\"width: 1050px\" class=\"wp-caption alignnone\"><img decoding=\"async\" class=\"size-full\" src=\"https:\/\/www.thesixtyone.com\/wp-content\/uploads\/2025\/08\/6image11-26.jpg\" alt=\"Samarbetar med globala branschledare i nya projekt - The Rise of Travis Decker: Innovating the Future of Sustainable Architecture\" \/><figcaption class=\"wp-caption-text\">Samarbetar med globala branschledare i nya projekt - The Rise of Travis Decker: Innovating the Future of Sustainable Architecture<\/figcaption><\/figure>\n<p>Travis Decker aktivt <b>samarbetar med branschledare \u00f6ver hela v\u00e4rlden<\/b>Han har skapat ett n\u00e4tverk av beg\u00e5vade yrkesm\u00e4n och innovativa f\u00f6retag. Hans partnerskap leder ofta till utvecklingen av <i>banbrytande projekt<\/i> som integrerar toppmodern byggteknik och dj\u00e4rva designid\u00e9er. Dessa samarbeten g\u00f6r det m\u00f6jligt f\u00f6r honom att sammanf\u00f6ra olika expertis, vilket resulterar i strukturer som sticker ut f\u00f6r sin kreativitet och tekniska sofistikering.<\/p>\n<p>Genom ett n\u00e4ra samarbete med globala f\u00f6retag f\u00e5r Decker tillg\u00e5ng till avancerade material, nya byggmetoder och innovativ teknik. Detta teamwork m\u00f6jligg\u00f6r en s\u00f6ml\u00f6s integrering av flera element i ett sammanh\u00e4ngande arkitektoniskt uttryck. S\u00e5dana gemensamma anstr\u00e4ngningar t\u00e4njer ofta p\u00e5 gr\u00e4nserna f\u00f6r vad som tidigare har varit m\u00f6jligt, vilket leder till stadsbilder som \u00e4r visuellt sl\u00e5ende och funktionellt fram\u00e5tblickande.<\/p>\n<p>Dessa samarbeten fungerar ocks\u00e5 som en plattform f\u00f6r utbyte d\u00e4r id\u00e9er f\u00f6rfinas och nya koncept testas, vilket s\u00e4kerst\u00e4ller att varje projekt drar nytta av kollektiva insikter. P\u00e5verkan fr\u00e5n dessa partnerskap str\u00e4cker sig bortom enskilda byggnader - de formar stadsmilj\u00f6er och inspirerar andra yrkesverksamma inom omr\u00e5det. Deckers f\u00f6rm\u00e5ga att bygga starka allianser genomsyrar hela hans arbete, som st\u00e4ndigt h\u00f6jer standarden och uppmuntrar till en kultur av delad innovation.<\/p>\n<blockquote class=\"link\">\n<p><strong>F\u00f6rdjupade insikter: <a href=\"https:\/\/www.thesixtyone.com\/sv\/gorlock-forgoraren\/\">F\u00f6rg\u00f6raren Gorlocks uppg\u00e5ng: Utforska mytologin bakom den ikoniska karakt\u00e4ren<\/a><\/strong><\/p>\n<\/blockquote>\n<h2>Verkar f\u00f6r en milj\u00f6medveten stadsutveckling<\/h2>\n<figure style=\"width: 1050px\" class=\"wp-caption alignnone\"><img decoding=\"async\" class=\"size-full\" src=\"https:\/\/www.thesixtyone.com\/wp-content\/uploads\/2025\/08\/7image11-25.jpg\" alt=\"F\u00f6respr\u00e5kare f\u00f6r milj\u00f6medveten stadsutveckling - The Rise of Travis Decker: Innovating the Future of Sustainable Architecture\" \/><figcaption class=\"wp-caption-text\">F\u00f6respr\u00e5kare f\u00f6r milj\u00f6medveten stadsutveckling - The Rise of Travis Decker: Innovating the Future of Sustainable Architecture<\/figcaption><\/figure>\n<p>Travis Decker fr\u00e4mjar aktivt <b>milj\u00f6medveten stadsutveckling<\/b> genom att fokusera p\u00e5 att integrera gr\u00f6nomr\u00e5den och milj\u00f6v\u00e4nliga anl\u00e4ggningar i stadsmilj\u00f6er. Han betonar vikten av att utforma stadsdelar som uppmuntrar till social interaktion samtidigt som den ekologiska p\u00e5verkan minimeras. Genom att integrera element som inhemsk vegetation, genomsl\u00e4ppliga ytor och naturliga vattenhanteringssystem str\u00e4var han efter att skapa samh\u00e4llen som kompletterar sin omgivning.<\/p>\n<p>Han f\u00f6respr\u00e5kar smarta planeringsmetoder och blandad bebyggelse som minskar transportberoendet och fr\u00e4mjar promenadv\u00e4nlighet. Detta h\u00f6jer inv\u00e5narnas livskvalitet och uppmuntrar till en aktiv livsstil. Deckers betoning p\u00e5 tillg\u00e4ngliga offentliga omr\u00e5den och samh\u00e4llscentrum bidrar till att skapa en k\u00e4nsla av tillh\u00f6righet och samh\u00f6righet bland stadens inv\u00e5nare.<\/p>\n<p>Travis Decker har dessutom ett n\u00e4ra samarbete med lokala myndigheter och intressenter f\u00f6r att genomf\u00f6ra projekt som prioriterar inv\u00e5narnas v\u00e4lbefinnande utan att \u00e4ventyra milj\u00f6ns integritet. Hans design inneh\u00e5ller ofta innovativa infrastrukturl\u00f6sningar som bidrar till ren luft, s\u00e4kert vatten och en levande stadsmilj\u00f6. Hans engagemang f\u00f6r dessa principer p\u00e5verkar m\u00e5nga yrkesverksamma inom omr\u00e5det och s\u00e4tter en standard f\u00f6r ansvarsfull arkitektonisk planering i stadsbilden.<\/p>\n<h2>Anv\u00e4nder h\u00e5llbara material f\u00f6r att minska den ekologiska p\u00e5verkan<\/h2>\n<p>Travis Decker l\u00e4gger stor vikt vid <b>anv\u00e4nda material som \u00e4r ansvarsfulla ur milj\u00f6synpunkt<\/b> i sina arkitektoniska projekt. Genom att v\u00e4lja resurser som \u00e5tervunnet timmer, \u00e5tervunnen metall och l\u00e5gutsl\u00e4ppsbetong str\u00e4var han efter att minska det ekologiska fotavtrycket f\u00f6r varje byggnad. Dessa material bidrar inte bara till att minska avfallet utan ocks\u00e5 till att skapa h\u00e4lsosammare inomhusmilj\u00f6er f\u00f6r de boende.<\/p>\n<p>Dessutom s\u00f6ker Decker aktivt efter innovativa byggprodukter som inneh\u00e5ller <i>avancerade tillverkningsprocesser<\/i> med minimal milj\u00f6p\u00e5verkan. Detta inkluderar anv\u00e4ndning av biobaserade polymerer och isoleringsalternativ fr\u00e5n h\u00e5llbara k\u00e4llor som ger h\u00f6g prestanda utan att kompromissa med den ekologiska integriteten. Hans fokus ligger alltid p\u00e5 att v\u00e4lja \u00e4mnen som har en l\u00e4gre p\u00e5verkan under produktion, transport och bortskaffande.<\/p>\n<p>Decker anser att integrering av <b>Gr\u00f6na material<\/b> i designfasen l\u00e4gger grunden f\u00f6r mer ansvarsfulla byggmetoder. N\u00e4r dessa val g\u00f6rs p\u00e5verkar de hela byggnadens livscykel - fr\u00e5n den f\u00f6rsta monteringen till den slutliga nedmonteringen - och fr\u00e4mjar ett milj\u00f6v\u00e4nligt tillv\u00e4gag\u00e5ngss\u00e4tt. Sammantaget st\u00f6djer detta \u00e5tagande en helhetssyn som prioriterar bevarande av naturresurser samtidigt som man levererar strukturer som uppfyller moderna behov i b\u00e5de form och funktion.<\/p>\n<h2>Inspirerar framtida arkitekter genom mentorskapsprogram<\/h2>\n<p>Travis Decker aktivt <b>Mentorer f\u00f6r blivande arkitekter<\/b>och inser vikten av att fostra nya talanger inom branschen. Genom s\u00e4rskilda program och workshops ger han v\u00e4gledning i innovativa designmetoder och praktiska f\u00e4rdigheter som \u00e4r avg\u00f6rande f\u00f6r framtida framg\u00e5ngar. Hans mentorskap betonar inte bara teknisk expertis utan ocks\u00e5 utvecklingen av ett genomt\u00e4nkt f\u00f6rh\u00e5llningss\u00e4tt till arkitektur som kombinerar kreativitet med funktionalitet.<\/p>\n<p>Genom att dela med sig av sina erfarenheter och kunskaper hj\u00e4lper Decker nya yrkesverksamma att navigera i komplexa projektprocesser och f\u00f6rst\u00e5 hur man inf\u00f6rlivar avancerad teknik i sitt arbete. Han uppmuntrar ett tankes\u00e4tt med kontinuerligt l\u00e4rande och experimenterande, vilket motiverar unga arkitekter att t\u00e4nja p\u00e5 gr\u00e4nserna och f\u00f6lja upp nya id\u00e9er. Dessa interaktioner sker ofta i samarbetsmilj\u00f6er d\u00e4r adepterna f\u00e5r praktisk erfarenhet och konstruktiv feedback, vilket fr\u00e4mjar sj\u00e4lvf\u00f6rtroende och tillv\u00e4xt.<\/p>\n<p>Dessutom v\u00e4rdes\u00e4tter Travis Decker vikten av att bygga upp en st\u00f6djande gemenskap d\u00e4r kommande arkitekter kan utbyta insikter och samarbeta i projekt. Hans anstr\u00e4ngningar att inspirera genom mentorskap odlar en kultur av innovation och engagemang, vilket s\u00e4kerst\u00e4ller att framtiden f\u00f6r arkitektonisk design f\u00f6rblir livlig och fram\u00e5tblickande. Detta p\u00e5g\u00e5ende engagemang bidrar i h\u00f6g grad till att forma n\u00e4sta generations s\u00e4tt att skapa betydelsefulla utrymmen som tj\u00e4nar samh\u00e4llet l\u00e5ngt in i framtiden.<\/p>\n<h2 class=\"center\">FR\u00c5GOR OCH SVAR: Svar p\u00e5 dina fr\u00e5gor<\/h2>\n<details>\n<summary>Vad inspirerade Travis Decker att satsa p\u00e5 h\u00e5llbar arkitektur?<\/summary>\n<div>\nTravis Decker inspirerades av sin passion f\u00f6r milj\u00f6skydd och en \u00f6nskan att skapa byggnader som har en positiv inverkan p\u00e5 sin omgivning. Hans tidiga upplevelser av naturen och milj\u00f6medvetna designprinciper motiverade honom att utveckla innovativa, h\u00e5llbara l\u00f6sningar som balanserar funktionalitet med ekologiskt ansvar.\n  <\/div>\n<\/details>\n<details>\n<summary>Hur tar Travis Decker h\u00e4nsyn till samh\u00e4llets synpunkter i sina projekt?<\/summary>\n<div>\nHan involverar aktivt lokalbefolkningen, intressenter och samh\u00e4llsorganisationer under hela designprocessen. Genom att genomf\u00f6ra workshops, unders\u00f6kningar och offentliga samr\u00e5d ser han till att projekten uppfyller inv\u00e5narnas behov och preferenser, vilket fr\u00e4mjar en k\u00e4nsla av \u00e4gande och harmoni med omgivningen.\n  <\/div>\n<\/details>\n<details>\n<summary>Vilka \u00e4r de framtida trenderna inom h\u00e5llbar arkitektur som Travis Decker utforskar?<\/summary>\n<div>\nTravis Decker utforskar integrationen av biofil design, adaptiv \u00e5teranv\u00e4ndning av befintliga strukturer och anv\u00e4ndningen av nanomaterial f\u00f6r f\u00f6rb\u00e4ttrad energieffektivitet. Han unders\u00f6ker ocks\u00e5 potentialen i AI-drivna designprocesser f\u00f6r att optimera resursutnyttjande och milj\u00f6p\u00e5verkan.\n  <\/div>\n<\/details>\n<details>\n<summary>Hur ser Travis Decker till att hans byggnader f\u00f6rblir anpassningsbara till framtida tekniska framsteg?<\/summary>\n<div>\nHan designar med flexibilitet i \u00e5tanke, med modul\u00e4ra system och skalbar infrastruktur som enkelt kan uppgraderas eller modifieras i takt med att ny teknik utvecklas. Hans fokus p\u00e5 integration av \u00f6ppen k\u00e4llkod och smarta system g\u00f6r att byggnader kan utvecklas i takt med att behoven f\u00f6r\u00e4ndras.\n  <\/div>\n<\/details>\n<details>\n<summary>Hur g\u00f6r Travis Decker f\u00f6r att balansera estetik och h\u00e5llbarhet?<\/summary>\n<div>\nDecker anser att h\u00e5llbarhet och sk\u00f6nhet h\u00e4nger ihop. Han str\u00e4var efter att skapa design som \u00e4r visuellt inspirerande samtidigt som den maximerar milj\u00f6v\u00e4nliga funktioner. Detta inneb\u00e4r att han anv\u00e4nder innovativa material, genomt\u00e4nkta former och integrerar naturliga element f\u00f6r att uppn\u00e5 en elegant harmoni mellan form och funktion.\n  <\/div>\n<\/details>\n<p><\/p>\n<p style=\"margin-bottom: 0px;\"><b>Referenser:<\/b><\/p>\n<div class=\"trli\">\n<ul style=\"margin-top: 0px;\">\n<li><a href=\"https:\/\/www.co.chelan.wa.us\/news\/article\/25c04728-chelan-county-sheriffs-office-leads-and-coordinates-the-in-depth-investigation-into-the\" rel=\"nofollow noopener\" target=\"_blank\">https:\/\/www.co.chelan.wa.us\/news\/article\/25c04728-chelan-county-sheriffs-office-leads-and-coordinates-the-in-depth-investigation-into-the<\/a><\/li>\n<li><a href=\"https:\/\/komonews.com\/news\/local\/travis-decker-potential-sighting-travis-decker-manhunt-fugitive-task-force-leavenworth-washington-state-wenatchee-reward-remote-alpine-girls-bodycam-police\" rel=\"nofollow noopener\" target=\"_blank\">https:\/\/komonews.com\/news\/local\/travis-decker-potential-sighting-travis-decker-manhunt-fugitive-task-force-leavenworth-washington-state-wenatchee-reward-remote-alpine-girls-bodycam-police<\/a><\/li>\n<\/ul>\n<\/div>","protected":false},"excerpt":{"rendered":"<p>Travis Decker has emerged as a visionary figure in the field of architecture, renowned for his innovative approach to designing environments that harmonize with their surroundings. His work is characterized by an emphasis on integrating advanced technologies and cutting-edge techniques to create functional yet inspiring spaces. Through a combination of creativity and practical expertise, Decker [&hellip;]<\/p>","protected":false},"author":2,"featured_media":3868,"comment_status":"open","ping_status":"open","sticky":false,"template":"","format":"standard","meta":{"content-type":"","footnotes":""},"categories":[134],"tags":[],"class_list":{"0":"post-3869","1":"post","2":"type-post","3":"status-publish","4":"format-standard","5":"has-post-thumbnail","7":"category-insights"},"_links":{"self":[{"href":"https:\/\/www.thesixtyone.com\/sv\/wp-json\/wp\/v2\/posts\/3869","targetHints":{"allow":["GET"]}}],"collection":[{"href":"https:\/\/www.thesixtyone.com\/sv\/wp-json\/wp\/v2\/posts"}],"about":[{"href":"https:\/\/www.thesixtyone.com\/sv\/wp-json\/wp\/v2\/types\/post"}],"author":[{"embeddable":true,"href":"https:\/\/www.thesixtyone.com\/sv\/wp-json\/wp\/v2\/users\/2"}],"replies":[{"embeddable":true,"href":"https:\/\/www.thesixtyone.com\/sv\/wp-json\/wp\/v2\/comments?post=3869"}],"version-history":[{"count":1,"href":"https:\/\/www.thesixtyone.com\/sv\/wp-json\/wp\/v2\/posts\/3869\/revisions"}],"predecessor-version":[{"id":7310,"href":"https:\/\/www.thesixtyone.com\/sv\/wp-json\/wp\/v2\/posts\/3869\/revisions\/7310"}],"wp:featuredmedia":[{"embeddable":true,"href":"https:\/\/www.thesixtyone.com\/sv\/wp-json\/wp\/v2\/media\/3868"}],"wp:attachment":[{"href":"https:\/\/www.thesixtyone.com\/sv\/wp-json\/wp\/v2\/media?parent=3869"}],"wp:term":[{"taxonomy":"category","embeddable":true,"href":"https:\/\/www.thesixtyone.com\/sv\/wp-json\/wp\/v2\/categories?post=3869"},{"taxonomy":"post_tag","embeddable":true,"href":"https:\/\/www.thesixtyone.com\/sv\/wp-json\/wp\/v2\/tags?post=3869"}],"curies":[{"name":"wp","href":"https:\/\/api.w.org\/{rel}","templated":true}]}}